{"id":6474,"date":"2026-04-30T12:52:07","date_gmt":"2026-04-30T15:52:07","guid":{"rendered":"https:\/\/www.aptafurg.org.br\/novo\/?p=6474"},"modified":"2026-04-30T12:52:07","modified_gmt":"2026-04-30T15:52:07","slug":"reuniao-da-mesa-setorial-de-negociacao-permanente","status":"publish","type":"post","link":"https:\/\/www.aptafurg.org.br\/novo\/reuniao-da-mesa-setorial-de-negociacao-permanente\/","title":{"rendered":"REUNI\u00c3O DA MESA SETORIAL DE NEGOCIA\u00c7\u00c3O PERMANENTE"},"content":{"rendered":"<p class=\"p1\"><span class=\"s1\">A ter\u00e7a-feira (28) foi marcada por mobiliza\u00e7\u00e3o e avan\u00e7os nas negocia\u00e7\u00f5es envolvendo as<\/span><\/p>\n<p class=\"p1\"><span class=\"s1\">trabalhadoras e os trabalhadores t\u00e9cnico-administrativos em educa\u00e7\u00e3o. Na parte da manh\u00e3, o<\/span><\/p>\n<p class=\"p1\"><span class=\"s1\">Comando Nacional de Greve (CNG) da Fasubra Sindical realizou um ato no t\u00e9rreo do Minist\u00e9rio da<\/span><\/p>\n<p class=\"p1\"><span class=\"s1\">Educa\u00e7\u00e3o (MEC), com palavras de ordem e cobran\u00e7as para que o governo federal cumpra<\/span><\/p>\n<p class=\"p1\"><span class=\"s1\">integralmente o acordo firmado com a categoria.<\/span><\/p>\n<p class=\"p1\"><span class=\"s1\">Enquanto a manifesta\u00e7\u00e3o acontecia no andar t\u00e9rreo, no piso superior do minist\u00e9rio, as<\/span><\/p>\n<p class=\"p1\"><span class=\"s1\">coordenadoras gerais da Fasubra Sindical, Cristina del Papa e Ivanilda Reis, participavam da primeira<\/span><\/p>\n<p class=\"p1\"><span class=\"s1\">reuni\u00e3o ordin\u00e1ria da Mesa Setorial de Negocia\u00e7\u00e3o Permanente, no \u00e2mbito do MEC. O encontro<\/span><\/p>\n<p class=\"p1\"><span class=\"s1\">tratou de pautas estrat\u00e9gicas para a categoria e avan\u00e7ou em alguns pontos considerados<\/span><\/p>\n<p class=\"p1\"><span class=\"s1\">importantes pela entidade.<\/span><\/p>\n<p class=\"p1\"><span class=\"s1\">Entre os temas debatidos, destaque para a quest\u00e3o das elei\u00e7\u00f5es nas universidades federais.<\/span><\/p>\n<p class=\"p1\"><span class=\"s1\">A Fasubra reafirmou sua posi\u00e7\u00e3o hist\u00f3rica em defesa da paridade nos processos eleitorais,<\/span><\/p>\n<p class=\"p1\"><span class=\"s1\">ressaltando o car\u00e1ter pol\u00edtico e ideol\u00f3gico da proposta. A posi\u00e7\u00e3o foi acompanhada por outras<\/span><\/p>\n<p class=\"p1\"><span class=\"s1\">entidades representativas, e ficou definida a cria\u00e7\u00e3o de um Grupo de Trabalho (GT) para aprofundar<\/span><\/p>\n<p class=\"p1\"><span class=\"s1\">o debate. A instala\u00e7\u00e3o do GT est\u00e1 prevista para ocorrer em at\u00e9 10 dias, sendo avaliada como um<\/span><\/p>\n<p class=\"p1\"><span class=\"s1\">avan\u00e7o pela federa\u00e7\u00e3o.<\/span><\/p>\n<p class=\"p1\"><span class=\"s1\">Outro ponto discutido foi o tema dos adicionais ocupacionais, previsto no termo de acordo.<\/span><\/p>\n<p class=\"p1\"><span class=\"s1\">A Fasubra solicitou a defini\u00e7\u00e3o de um cronograma espec\u00edfico para a mesa de discuss\u00e3o no MEC.<\/span><\/p>\n<p class=\"p1\"><span class=\"s1\">Durante a reuni\u00e3o, tamb\u00e9m foram solicitadas informa\u00e7\u00f5es sobre o decreto do Reconhecimento de<\/span><\/p>\n<p class=\"p1\"><span class=\"s1\">Saberes e Compet\u00eancias (RSC). Representantes do MEC informaram que o texto j\u00e1 se encontra no<\/span><\/p>\n<p class=\"p1\"><span class=\"s1\">MGI e deve ser encaminhado \u00e0 Casa Civil na pr\u00f3xima semana, ap\u00f3s a conclus\u00e3o dos tr\u00e2mites<\/span><\/p>\n<p class=\"p1\"><span class=\"s1\">burocr\u00e1ticos.<\/span><\/p>\n<p class=\"p1\"><span class=\"s1\">Em rela\u00e7\u00e3o \u00e0 jornada de trabalho de 30 horas, o MEC informou que a minuta da nota t\u00e9cnica<\/span><\/p>\n<p class=\"p1\"><span class=\"s1\">j\u00e1 est\u00e1 finalizada no \u00e2mbito da pasta e segue em debate com o MGI, onde vem sendo defendida. A<\/span><\/p>\n<p class=\"p1\"><span class=\"s1\">Fasubra tamb\u00e9m cobrou do minist\u00e9rio uma orienta\u00e7\u00e3o formal para reitores e gestores dos hospitais universit\u00e1rios quanto \u00e0 aplica\u00e7\u00e3o da chamada \u201c hora ficta\u201d no formato de folga, visando uniformizar<\/span><\/p>\n<p class=\"p1\"><span class=\"s1\">o entendimento sobre o tema nas institui\u00e7\u00f5es.<\/span><\/p>\n<p class=\"p1\"><span class=\"s1\">O dia evidenciou a combina\u00e7\u00e3o entre press\u00e3o nas ruas e negocia\u00e7\u00e3o institucional como<\/span><\/p>\n<p class=\"p1\"><span class=\"s1\">estrat\u00e9gia da categoria na busca por avan\u00e7os concretos em suas reivindica\u00e7\u00f5es.<\/span><\/p>\n<p>Fonte e fotografia : FASUBRA&nbsp;<\/p>\n<p><!--more--><\/p>\n<figure id=\"attachment_6475\" aria-describedby=\"caption-attachment-6475\" style=\"width: 1290px\" class=\"wp-caption aligncenter\"><img loading=\"lazy\" decoding=\"async\" class=\"size-full wp-image-6475\" src=\"https:\/\/www.aptafurg.org.br\/novo\/wp-content\/uploads\/2026\/04\/IMG_3594.jpeg\" alt=\"\" width=\"1290\" height=\"1124\" srcset=\"https:\/\/www.aptafurg.org.br\/novo\/wp-content\/uploads\/2026\/04\/IMG_3594.jpeg 1290w, https:\/\/www.aptafurg.org.br\/novo\/wp-content\/uploads\/2026\/04\/IMG_3594-300x261.jpeg 300w, https:\/\/www.aptafurg.org.br\/novo\/wp-content\/uploads\/2026\/04\/IMG_3594-1024x892.jpeg 1024w, https:\/\/www.aptafurg.org.br\/novo\/wp-content\/uploads\/2026\/04\/IMG_3594-768x669.jpeg 768w\" sizes=\"auto, (max-width: 1290px) 100vw, 1290px\" \/><figcaption id=\"caption-attachment-6475\" class=\"wp-caption-text\">Screenshot<\/figcaption><\/figure>\n<hr>\n<p>&nbsp;<\/p>\n","protected":false},"excerpt":{"rendered":"<p>A ter\u00e7a-feira (28) foi marcada por mobiliza\u00e7\u00e3o e avan\u00e7os nas negocia\u00e7\u00f5es envolvendo as trabalhadoras e os trabalhadores t\u00e9cnico-administrativos em educa\u00e7\u00e3o. Na parte da manh\u00e3, o Comando Nacional de Greve (CNG) da Fasubra Sindical realizou um ato no t\u00e9rreo do Minist\u00e9rio da Educa\u00e7\u00e3o (MEC), com palavras de ordem e cobran\u00e7as para que o governo federal cumpra&hellip;<\/p>\n","protected":false},"author":2,"featured_media":6475,"comment_status":"closed","ping_status":"open","sticky":false,"template":"","format":"standard","meta":{"ngg_post_thumbnail":0,"footnotes":""},"categories":[243,232],"tags":[],"class_list":["post-6474","post","type-post","status-publish","format-standard","has-post-thumbnail","hentry","category-greve","category-noticias"],"_links":{"self":[{"href":"https:\/\/www.aptafurg.org.br\/novo\/wp-json\/wp\/v2\/posts\/6474","targetHints":{"allow":["GET"]}}],"collection":[{"href":"https:\/\/www.aptafurg.org.br\/novo\/wp-json\/wp\/v2\/posts"}],"about":[{"href":"https:\/\/www.aptafurg.org.br\/novo\/wp-json\/wp\/v2\/types\/post"}],"author":[{"embeddable":true,"href":"https:\/\/www.aptafurg.org.br\/novo\/wp-json\/wp\/v2\/users\/2"}],"replies":[{"embeddable":true,"href":"https:\/\/www.aptafurg.org.br\/novo\/wp-json\/wp\/v2\/comments?post=6474"}],"version-history":[{"count":1,"href":"https:\/\/www.aptafurg.org.br\/novo\/wp-json\/wp\/v2\/posts\/6474\/revisions"}],"predecessor-version":[{"id":6476,"href":"https:\/\/www.aptafurg.org.br\/novo\/wp-json\/wp\/v2\/posts\/6474\/revisions\/6476"}],"wp:featuredmedia":[{"embeddable":true,"href":"https:\/\/www.aptafurg.org.br\/novo\/wp-json\/wp\/v2\/media\/6475"}],"wp:attachment":[{"href":"https:\/\/www.aptafurg.org.br\/novo\/wp-json\/wp\/v2\/media?parent=6474"}],"wp:term":[{"taxonomy":"category","embeddable":true,"href":"https:\/\/www.aptafurg.org.br\/novo\/wp-json\/wp\/v2\/categories?post=6474"},{"taxonomy":"post_tag","embeddable":true,"href":"https:\/\/www.aptafurg.org.br\/novo\/wp-json\/wp\/v2\/tags?post=6474"}],"curies":[{"name":"wp","href":"https:\/\/api.w.org\/{rel}","templated":true}]}}