{"id":6471,"date":"2026-04-30T12:48:15","date_gmt":"2026-04-30T15:48:15","guid":{"rendered":"https:\/\/www.aptafurg.org.br\/novo\/?p=6471"},"modified":"2026-04-30T12:48:15","modified_gmt":"2026-04-30T15:48:15","slug":"1o-de-maio-dia-de-luta-da-classe-trabalhadora","status":"publish","type":"post","link":"https:\/\/www.aptafurg.org.br\/novo\/1o-de-maio-dia-de-luta-da-classe-trabalhadora\/","title":{"rendered":"1\u00ba de Maio \u2014 Dia de luta da classe trabalhadora"},"content":{"rendered":"<p class=\"p1\"><span class=\"s1\">1\u00ba de Maio \u2014 Dia de luta da classe trabalhadora<\/span><\/p>\n<p class=\"p1\"><span class=\"s1\">Neste 1\u00ba de Maio, celebramos a for\u00e7a de quem constr\u00f3i o pa\u00eds todos os dias com o pr\u00f3prio trabalho.<\/span><\/p>\n<p class=\"p1\"><span class=\"s1\">O Dia do Trabalhador e da Trabalhadora n\u00e3o \u00e9 apenas uma data comemorativa. \u00c9 um s\u00edmbolo hist\u00f3rico de resist\u00eancia, nascido da luta da classe trabalhadora por dignidade, redu\u00e7\u00e3o da jornada, sal\u00e1rios justos e condi\u00e7\u00f5es humanas de trabalho. Cada direito conquistado veio da mobiliza\u00e7\u00e3o, da uni\u00e3o e da coragem de quem nunca aceitou a explora\u00e7\u00e3o.<\/span><\/p>\n<p class=\"p1\"><span class=\"s1\">\u00c9 imposs\u00edvel falar da classe trabalhadora sem reconhecer o papel fundamental das mulheres trabalhadoras. S\u00e3o elas que sustentam duplas e triplas jornadas, enfrentam desigualdade salarial, viol\u00eancia, ass\u00e9dio e a sobrecarga do trabalho dom\u00e9stico e do cuidado \u2014 muitas vezes invisibilizado. Ainda assim, seguem na linha de frente das lutas sociais, sindicais e populares, transformando a realidade com resist\u00eancia e organiza\u00e7\u00e3o.<\/span><\/p>\n<p class=\"p1\"><span class=\"s1\">Defender os direitos das mulheres \u00e9 defender toda a classe trabalhadora. N\u00e3o existe justi\u00e7a social sem igualdade de g\u00eanero, sem respeito \u00e0 diversidade e sem combate a todas as formas de opress\u00e3o.<\/span><\/p>\n<p class=\"p1\"><span class=\"s1\">Neste 1\u00ba de Maio, reafirmamos a import\u00e2ncia da organiza\u00e7\u00e3o sindical, da solidariedade e da luta coletiva. \u00c9 nas ruas, nos locais de trabalho e na uni\u00e3o da categoria que seguimos defendendo direitos, democracia, valoriza\u00e7\u00e3o do servi\u00e7o p\u00fablico, empregos dignos e uma sociedade mais justa para todas e todos.<\/span><\/p>\n<p class=\"p1\"><span class=\"s1\">Porque nenhum direito foi conquistado sem luta.<\/span><\/p>\n<p class=\"p1\"><span class=\"s1\">E nenhum futuro digno ser\u00e1 constru\u00eddo sem a for\u00e7a da classe trabalhadora unida.<\/span><\/p>\n<p>&nbsp;<\/p>\n<p><img loading=\"lazy\" decoding=\"async\" class=\"aligncenter size-full wp-image-6472\" src=\"https:\/\/www.aptafurg.org.br\/novo\/wp-content\/uploads\/2026\/04\/71AA6D9B-6F7C-4C91-8743-47DE6A4BEFFA.png\" alt=\"\" width=\"1024\" height=\"1536\" srcset=\"https:\/\/www.aptafurg.org.br\/novo\/wp-content\/uploads\/2026\/04\/71AA6D9B-6F7C-4C91-8743-47DE6A4BEFFA.png 1024w, https:\/\/www.aptafurg.org.br\/novo\/wp-content\/uploads\/2026\/04\/71AA6D9B-6F7C-4C91-8743-47DE6A4BEFFA-200x300.png 200w, https:\/\/www.aptafurg.org.br\/novo\/wp-content\/uploads\/2026\/04\/71AA6D9B-6F7C-4C91-8743-47DE6A4BEFFA-683x1024.png 683w, https:\/\/www.aptafurg.org.br\/novo\/wp-content\/uploads\/2026\/04\/71AA6D9B-6F7C-4C91-8743-47DE6A4BEFFA-768x1152.png 768w\" sizes=\"auto, (max-width: 1024px) 100vw, 1024px\" \/><\/p>\n","protected":false},"excerpt":{"rendered":"<p>1\u00ba de Maio \u2014 Dia de luta da classe trabalhadora Neste 1\u00ba de Maio, celebramos a for\u00e7a de quem constr\u00f3i o pa\u00eds todos os dias com o pr\u00f3prio trabalho. O Dia do Trabalhador e da Trabalhadora n\u00e3o \u00e9 apenas uma data comemorativa. \u00c9 um s\u00edmbolo hist\u00f3rico de resist\u00eancia, nascido da luta da classe trabalhadora por&hellip;<\/p>\n","protected":false},"author":2,"featured_media":6472,"comment_status":"closed","ping_status":"open","sticky":false,"template":"","format":"standard","meta":{"ngg_post_thumbnail":0,"footnotes":""},"categories":[232],"tags":[],"class_list":["post-6471","post","type-post","status-publish","format-standard","has-post-thumbnail","hentry","category-noticias"],"_links":{"self":[{"href":"https:\/\/www.aptafurg.org.br\/novo\/wp-json\/wp\/v2\/posts\/6471","targetHints":{"allow":["GET"]}}],"collection":[{"href":"https:\/\/www.aptafurg.org.br\/novo\/wp-json\/wp\/v2\/posts"}],"about":[{"href":"https:\/\/www.aptafurg.org.br\/novo\/wp-json\/wp\/v2\/types\/post"}],"author":[{"embeddable":true,"href":"https:\/\/www.aptafurg.org.br\/novo\/wp-json\/wp\/v2\/users\/2"}],"replies":[{"embeddable":true,"href":"https:\/\/www.aptafurg.org.br\/novo\/wp-json\/wp\/v2\/comments?post=6471"}],"version-history":[{"count":1,"href":"https:\/\/www.aptafurg.org.br\/novo\/wp-json\/wp\/v2\/posts\/6471\/revisions"}],"predecessor-version":[{"id":6473,"href":"https:\/\/www.aptafurg.org.br\/novo\/wp-json\/wp\/v2\/posts\/6471\/revisions\/6473"}],"wp:featuredmedia":[{"embeddable":true,"href":"https:\/\/www.aptafurg.org.br\/novo\/wp-json\/wp\/v2\/media\/6472"}],"wp:attachment":[{"href":"https:\/\/www.aptafurg.org.br\/novo\/wp-json\/wp\/v2\/media?parent=6471"}],"wp:term":[{"taxonomy":"category","embeddable":true,"href":"https:\/\/www.aptafurg.org.br\/novo\/wp-json\/wp\/v2\/categories?post=6471"},{"taxonomy":"post_tag","embeddable":true,"href":"https:\/\/www.aptafurg.org.br\/novo\/wp-json\/wp\/v2\/tags?post=6471"}],"curies":[{"name":"wp","href":"https:\/\/api.w.org\/{rel}","templated":true}]}}