{"id":6467,"date":"2026-04-30T12:45:01","date_gmt":"2026-04-30T15:45:01","guid":{"rendered":"https:\/\/www.aptafurg.org.br\/novo\/?p=6467"},"modified":"2026-04-30T12:45:01","modified_gmt":"2026-04-30T15:45:01","slug":"atividades-em-comemoracao-ao-1o-de-maio-em-pelotas-e-transferida-para-domingo-3-por-motivo-do-mau-tempo","status":"publish","type":"post","link":"https:\/\/www.aptafurg.org.br\/novo\/atividades-em-comemoracao-ao-1o-de-maio-em-pelotas-e-transferida-para-domingo-3-por-motivo-do-mau-tempo\/","title":{"rendered":"Atividades em comemora\u00e7\u00e3o ao 1\u00ba de Maio em Pelotas \u00e9 transferida para domingo, 3, por motivo do mau tempo."},"content":{"rendered":"<p class=\"p1\" style=\"text-align: right;\"><span class=\"s1\">Atividades em comemora\u00e7\u00e3o ao <\/span><span style=\"font-size: 16px; -webkit-text-size-adjust: 100%;\">1\u00ba de Maio em Pelotas \u00e9 transferida para domingo, 3, por motivo do mau tempo.<\/span><\/p>\n<p class=\"p1\"><span class=\"s1\">A a atividade ser\u00e1 marcado por unidade e mobiliza\u00e7\u00e3o da classe trabalhadora<\/span><\/p>\n<p class=\"p1\"><span class=\"s1\">A APTAFURG confirma sua participa\u00e7\u00e3o nas atividades do 1\u00ba de Maio, Dia do Trabalhador e da Trabalhadora, que acontecem em Pelotas, no dia 3. A presen\u00e7a da entidade refor\u00e7a o compromisso hist\u00f3rico do sindicato com a luta em defesa dos direitos da classe trabalhadora, da valoriza\u00e7\u00e3o do servi\u00e7o p\u00fablico e da constru\u00e7\u00e3o de uma sociedade mais justa.<\/span><\/p>\n<p class=\"p1\"><span class=\"s1\">A atividade contar\u00e1 com a participa\u00e7\u00e3o de representantes de diferentes entidades sindicais e movimentos sociais, shows e apresenta\u00e7\u00f5es art\u00edsticas, fortalecendo a unidade entre as categorias neste importante dia de luta e resist\u00eancia. De Rio Grande sair\u00e1 uma caravana com representantes da APTAFURG, al\u00e9m da participa\u00e7\u00e3o de outros sindicatos. <\/span><\/p>\n<p class=\"p1\"><span class=\"s1\">Mais do que uma data comemorativa, o 1\u00ba de Maio simboliza a trajet\u00f3ria de organiza\u00e7\u00e3o, mobiliza\u00e7\u00e3o e conquistas da classe trabalhadora ao longo da hist\u00f3ria. Em um momento de desafios para os direitos sociais e trabalhistas, a presen\u00e7a das entidades sindicais nas ruas reafirma a import\u00e2ncia da luta coletiva, da solidariedade e da defesa da democracia.<\/span><\/p>\n<p class=\"p1\"><span class=\"s1\">A APTAFURG convida toda a categoria a participar das atividades e fortalecer este momento de uni\u00e3o da classe trabalhadora em Pelotas.<\/span><\/p>\n","protected":false},"excerpt":{"rendered":"<p>Atividades em comemora\u00e7\u00e3o ao 1\u00ba de Maio em Pelotas \u00e9 transferida para domingo, 3, por motivo do mau tempo. A a atividade ser\u00e1 marcado por unidade e mobiliza\u00e7\u00e3o da classe trabalhadora A APTAFURG confirma sua participa\u00e7\u00e3o nas atividades do 1\u00ba de Maio, Dia do Trabalhador e da Trabalhadora, que acontecem em Pelotas, no dia 3.&hellip;<\/p>\n","protected":false},"author":2,"featured_media":6468,"comment_status":"closed","ping_status":"open","sticky":false,"template":"","format":"standard","meta":{"ngg_post_thumbnail":0,"footnotes":""},"categories":[243,232],"tags":[],"class_list":["post-6467","post","type-post","status-publish","format-standard","has-post-thumbnail","hentry","category-greve","category-noticias"],"_links":{"self":[{"href":"https:\/\/www.aptafurg.org.br\/novo\/wp-json\/wp\/v2\/posts\/6467","targetHints":{"allow":["GET"]}}],"collection":[{"href":"https:\/\/www.aptafurg.org.br\/novo\/wp-json\/wp\/v2\/posts"}],"about":[{"href":"https:\/\/www.aptafurg.org.br\/novo\/wp-json\/wp\/v2\/types\/post"}],"author":[{"embeddable":true,"href":"https:\/\/www.aptafurg.org.br\/novo\/wp-json\/wp\/v2\/users\/2"}],"replies":[{"embeddable":true,"href":"https:\/\/www.aptafurg.org.br\/novo\/wp-json\/wp\/v2\/comments?post=6467"}],"version-history":[{"count":1,"href":"https:\/\/www.aptafurg.org.br\/novo\/wp-json\/wp\/v2\/posts\/6467\/revisions"}],"predecessor-version":[{"id":6469,"href":"https:\/\/www.aptafurg.org.br\/novo\/wp-json\/wp\/v2\/posts\/6467\/revisions\/6469"}],"wp:featuredmedia":[{"embeddable":true,"href":"https:\/\/www.aptafurg.org.br\/novo\/wp-json\/wp\/v2\/media\/6468"}],"wp:attachment":[{"href":"https:\/\/www.aptafurg.org.br\/novo\/wp-json\/wp\/v2\/media?parent=6467"}],"wp:term":[{"taxonomy":"category","embeddable":true,"href":"https:\/\/www.aptafurg.org.br\/novo\/wp-json\/wp\/v2\/categories?post=6467"},{"taxonomy":"post_tag","embeddable":true,"href":"https:\/\/www.aptafurg.org.br\/novo\/wp-json\/wp\/v2\/tags?post=6467"}],"curies":[{"name":"wp","href":"https:\/\/api.w.org\/{rel}","templated":true}]}}