{"id":6015,"date":"2025-09-22T19:42:31","date_gmt":"2025-09-22T22:42:31","guid":{"rendered":"https:\/\/www.aptafurg.org.br\/novo\/?p=6015"},"modified":"2025-09-22T19:42:31","modified_gmt":"2025-09-22T22:42:31","slug":"aptafurg-realiza-assembleia-dia-24","status":"publish","type":"post","link":"https:\/\/www.aptafurg.org.br\/novo\/aptafurg-realiza-assembleia-dia-24\/","title":{"rendered":"APTAFURG realiza assembleia dia 24"},"content":{"rendered":"<p><span data-contrast=\"auto\">Acontece no dia 24 de setembro, assembleia da categoria dos t\u00e9cnicos e t\u00e9cnicas- administrativos em educa\u00e7\u00e3o da FURG e IFRS. A atividade come\u00e7a com a primeira chamada as 8h30 min e a segunda, 9h. <\/span><span data-ccp-props=\"{}\">&nbsp;<\/span><\/p>\n<p><span data-contrast=\"auto\">A pauta \u00e9<\/span><span data-ccp-props=\"{}\">&nbsp;<\/span><\/p>\n<p><span data-contrast=\"auto\">Informes;<\/span><span data-ccp-props=\"{}\">&nbsp;<\/span><\/p>\n<p><span data-contrast=\"auto\">Luto na FURG e a sa\u00fade mental;<\/span><span data-ccp-props=\"{}\">&nbsp;<\/span><\/p>\n<p><span data-contrast=\"auto\">An\u00e1lise de conjuntura (Projeto de Anistia, PEC da blindagem, cumprimento do Acordo de Greve);<\/span><span data-ccp-props=\"{}\">&nbsp;<\/span><\/p>\n<p><span data-contrast=\"auto\">Mobiliza\u00e7\u00e3o contra a Reforma Administrativa;<\/span><span data-ccp-props=\"{}\">&nbsp;<\/span><\/p>\n<p><span data-contrast=\"auto\">Avalia\u00e7\u00e3o do Estado de Greve;<\/span><span data-ccp-props=\"{}\">&nbsp;<\/span><\/p>\n<p><span data-contrast=\"auto\">Assuntos gerais.<\/span><span data-ccp-props=\"{}\">&nbsp;<\/span><\/p>\n<p><img loading=\"lazy\" decoding=\"async\" class=\"alignnone size-medium wp-image-6016\" src=\"https:\/\/www.aptafurg.org.br\/novo\/wp-content\/uploads\/2025\/09\/ASSEMBLEIA-2905-9-240x300.png\" alt=\"\" width=\"240\" height=\"300\" srcset=\"https:\/\/www.aptafurg.org.br\/novo\/wp-content\/uploads\/2025\/09\/ASSEMBLEIA-2905-9-240x300.png 240w, https:\/\/www.aptafurg.org.br\/novo\/wp-content\/uploads\/2025\/09\/ASSEMBLEIA-2905-9-819x1024.png 819w, https:\/\/www.aptafurg.org.br\/novo\/wp-content\/uploads\/2025\/09\/ASSEMBLEIA-2905-9-768x960.png 768w, https:\/\/www.aptafurg.org.br\/novo\/wp-content\/uploads\/2025\/09\/ASSEMBLEIA-2905-9.png 1080w\" sizes=\"auto, (max-width: 240px) 100vw, 240px\" \/><\/p>\n","protected":false},"excerpt":{"rendered":"<p>Acontece no dia 24 de setembro, assembleia da categoria dos t\u00e9cnicos e t\u00e9cnicas- administrativos em educa\u00e7\u00e3o da FURG e IFRS. A atividade come\u00e7a com a primeira chamada as 8h30 min e a segunda, 9h. &nbsp; A pauta \u00e9&nbsp; Informes;&nbsp; Luto na FURG e a sa\u00fade mental;&nbsp; An\u00e1lise de conjuntura (Projeto de Anistia, PEC da blindagem,&hellip;<\/p>\n","protected":false},"author":2,"featured_media":6016,"comment_status":"closed","ping_status":"open","sticky":false,"template":"","format":"standard","meta":{"ngg_post_thumbnail":0,"footnotes":""},"categories":[232],"tags":[],"class_list":["post-6015","post","type-post","status-publish","format-standard","has-post-thumbnail","hentry","category-noticias"],"_links":{"self":[{"href":"https:\/\/www.aptafurg.org.br\/novo\/wp-json\/wp\/v2\/posts\/6015","targetHints":{"allow":["GET"]}}],"collection":[{"href":"https:\/\/www.aptafurg.org.br\/novo\/wp-json\/wp\/v2\/posts"}],"about":[{"href":"https:\/\/www.aptafurg.org.br\/novo\/wp-json\/wp\/v2\/types\/post"}],"author":[{"embeddable":true,"href":"https:\/\/www.aptafurg.org.br\/novo\/wp-json\/wp\/v2\/users\/2"}],"replies":[{"embeddable":true,"href":"https:\/\/www.aptafurg.org.br\/novo\/wp-json\/wp\/v2\/comments?post=6015"}],"version-history":[{"count":1,"href":"https:\/\/www.aptafurg.org.br\/novo\/wp-json\/wp\/v2\/posts\/6015\/revisions"}],"predecessor-version":[{"id":6017,"href":"https:\/\/www.aptafurg.org.br\/novo\/wp-json\/wp\/v2\/posts\/6015\/revisions\/6017"}],"wp:featuredmedia":[{"embeddable":true,"href":"https:\/\/www.aptafurg.org.br\/novo\/wp-json\/wp\/v2\/media\/6016"}],"wp:attachment":[{"href":"https:\/\/www.aptafurg.org.br\/novo\/wp-json\/wp\/v2\/media?parent=6015"}],"wp:term":[{"taxonomy":"category","embeddable":true,"href":"https:\/\/www.aptafurg.org.br\/novo\/wp-json\/wp\/v2\/categories?post=6015"},{"taxonomy":"post_tag","embeddable":true,"href":"https:\/\/www.aptafurg.org.br\/novo\/wp-json\/wp\/v2\/tags?post=6015"}],"curies":[{"name":"wp","href":"https:\/\/api.w.org\/{rel}","templated":true}]}}