{"id":6013,"date":"2025-09-17T14:21:24","date_gmt":"2025-09-17T17:21:24","guid":{"rendered":"https:\/\/www.aptafurg.org.br\/novo\/?p=6013"},"modified":"2025-09-17T14:21:24","modified_gmt":"2025-09-17T17:21:24","slug":"seminario-sobre-reforma-administrativa","status":"publish","type":"post","link":"https:\/\/www.aptafurg.org.br\/novo\/seminario-sobre-reforma-administrativa\/","title":{"rendered":"Semin\u00e1rio sobre Reforma Administrativa"},"content":{"rendered":"<p><span data-contrast=\"none\">&nbsp;<\/span><b><span data-contrast=\"none\">reforma administrativa<\/span><\/b><span data-contrast=\"none\">&nbsp;voltou ao debate pol\u00edtico brasileiro em 2025. Essa Reforma&nbsp;<\/span><b><span data-contrast=\"auto\">\u00e9 o desmonte das pol\u00edticas p\u00fablicas do Brasil.<\/span><\/b><span data-ccp-props=\"{&quot;134233117&quot;:false,&quot;134233118&quot;:false,&quot;335551550&quot;:1,&quot;335551620&quot;:1,&quot;335557856&quot;:16777215,&quot;335559738&quot;:0,&quot;335559739&quot;:156}\">&nbsp;<\/span><\/p>\n<p><span data-ccp-props=\"{&quot;134233117&quot;:false,&quot;134233118&quot;:false,&quot;335551550&quot;:1,&quot;335551620&quot;:1,&quot;335557856&quot;:16777215,&quot;335559738&quot;:0,&quot;335559739&quot;:360}\">&nbsp;<\/span><\/p>\n<p><span data-contrast=\"none\">Quem ser\u00e1 afetado? Fim dos concursos p\u00fablicos? Como ficar\u00e1 a estabilidade? A grande pergunta: Quais os reais problemas dessa Reforma?<\/span><span data-ccp-props=\"{&quot;134233117&quot;:false,&quot;134233118&quot;:false,&quot;335551550&quot;:1,&quot;335551620&quot;:1,&quot;335557856&quot;:16777215,&quot;335559738&quot;:0,&quot;335559739&quot;:360}\">&nbsp;<\/span><\/p>\n<p><span data-contrast=\"none\">Para essa conversa teremos a participa\u00e7\u00e3o dos e das parlamentares:<\/span><span data-ccp-props=\"{&quot;134233117&quot;:false,&quot;134233118&quot;:false,&quot;201341983&quot;:0,&quot;335551550&quot;:1,&quot;335551620&quot;:1,&quot;335557856&quot;:16777215,&quot;335559685&quot;:0,&quot;335559737&quot;:0,&quot;335559738&quot;:0,&quot;335559739&quot;:360,&quot;335559740&quot;:259}\">&nbsp;<\/span><\/p>\n<p><span data-contrast=\"none\">Fernanda Melchiona (PT-RS), <\/span><span data-ccp-props=\"{&quot;134233117&quot;:false,&quot;134233118&quot;:false,&quot;335551550&quot;:1,&quot;335551620&quot;:1,&quot;335557856&quot;:16777215,&quot;335559738&quot;:0,&quot;335559739&quot;:360}\">&nbsp;<\/span><\/p>\n<p><span data-contrast=\"none\">Luciana Genro (PT-RS)<\/span><span data-ccp-props=\"{&quot;134233117&quot;:false,&quot;134233118&quot;:false,&quot;335551550&quot;:1,&quot;335551620&quot;:1,&quot;335557856&quot;:16777215,&quot;335559738&quot;:0,&quot;335559739&quot;:360}\">&nbsp;<\/span><\/p>\n<p><span data-contrast=\"none\">Halley Lino de Souza (PT-RS)<\/span><span data-ccp-props=\"{&quot;134233117&quot;:false,&quot;134233118&quot;:false,&quot;335551550&quot;:1,&quot;335551620&quot;:1,&quot;335557856&quot;:16777215,&quot;335559738&quot;:0,&quot;335559739&quot;:360}\">&nbsp;<\/span><\/p>\n<p><span data-contrast=\"none\">Dia: 25\/09<\/span><span data-ccp-props=\"{&quot;134233117&quot;:false,&quot;134233118&quot;:false,&quot;335551550&quot;:1,&quot;335551620&quot;:1,&quot;335557856&quot;:16777215,&quot;335559738&quot;:0,&quot;335559739&quot;:360}\">&nbsp;<\/span><\/p>\n<p><span data-contrast=\"none\">Hor\u00e1rio: 17h<\/span><span data-ccp-props=\"{&quot;134233117&quot;:false,&quot;134233118&quot;:false,&quot;335551550&quot;:1,&quot;335551620&quot;:1,&quot;335557856&quot;:16777215,&quot;335559738&quot;:0,&quot;335559739&quot;:360}\">&nbsp;<\/span><\/p>\n<p><span data-contrast=\"none\">Local: Audit\u00f3rio da APTAFURG<\/span><span data-ccp-props=\"{&quot;134233117&quot;:false,&quot;134233118&quot;:false,&quot;335551550&quot;:1,&quot;335551620&quot;:1,&quot;335557856&quot;:16777215,&quot;335559738&quot;:0,&quot;335559739&quot;:360}\">&nbsp;<\/span><\/p>\n<p><span data-ccp-props=\"{&quot;134233117&quot;:false,&quot;134233118&quot;:false,&quot;335551550&quot;:1,&quot;335551620&quot;:1,&quot;335557856&quot;:16777215,&quot;335559738&quot;:0,&quot;335559739&quot;:360}\">&nbsp;<\/span><\/p>\n<p><span data-contrast=\"none\">A atividade ser\u00e1 transmitida para os campi com o envio do link. Lembramos que a participa\u00e7\u00e3o de todos e todas t\u00e9cnicos- administrativos em educa\u00e7\u00e3o \u00e9 de suma import\u00e2ncia!<\/span><span data-ccp-props=\"{&quot;134233117&quot;:false,&quot;134233118&quot;:false,&quot;335551550&quot;:1,&quot;335551620&quot;:1,&quot;335557856&quot;:16777215,&quot;335559738&quot;:0,&quot;335559739&quot;:360}\">&nbsp;<\/span><\/p>\n<p><span data-ccp-props=\"{}\">&nbsp;<\/span><\/p>\n","protected":false},"excerpt":{"rendered":"<p>&nbsp;reforma administrativa&nbsp;voltou ao debate pol\u00edtico brasileiro em 2025. Essa Reforma&nbsp;\u00e9 o desmonte das pol\u00edticas p\u00fablicas do Brasil.&nbsp; &nbsp; Quem ser\u00e1 afetado? Fim dos concursos p\u00fablicos? Como ficar\u00e1 a estabilidade? A grande pergunta: Quais os reais problemas dessa Reforma?&nbsp; Para essa conversa teremos a participa\u00e7\u00e3o dos e das parlamentares:&nbsp; Fernanda Melchiona (PT-RS), &nbsp; Luciana Genro (PT-RS)&nbsp;&hellip;<\/p>\n","protected":false},"author":2,"featured_media":3237,"comment_status":"closed","ping_status":"open","sticky":false,"template":"","format":"standard","meta":{"ngg_post_thumbnail":0,"footnotes":""},"categories":[232],"tags":[],"class_list":["post-6013","post","type-post","status-publish","format-standard","has-post-thumbnail","hentry","category-noticias"],"_links":{"self":[{"href":"https:\/\/www.aptafurg.org.br\/novo\/wp-json\/wp\/v2\/posts\/6013","targetHints":{"allow":["GET"]}}],"collection":[{"href":"https:\/\/www.aptafurg.org.br\/novo\/wp-json\/wp\/v2\/posts"}],"about":[{"href":"https:\/\/www.aptafurg.org.br\/novo\/wp-json\/wp\/v2\/types\/post"}],"author":[{"embeddable":true,"href":"https:\/\/www.aptafurg.org.br\/novo\/wp-json\/wp\/v2\/users\/2"}],"replies":[{"embeddable":true,"href":"https:\/\/www.aptafurg.org.br\/novo\/wp-json\/wp\/v2\/comments?post=6013"}],"version-history":[{"count":1,"href":"https:\/\/www.aptafurg.org.br\/novo\/wp-json\/wp\/v2\/posts\/6013\/revisions"}],"predecessor-version":[{"id":6014,"href":"https:\/\/www.aptafurg.org.br\/novo\/wp-json\/wp\/v2\/posts\/6013\/revisions\/6014"}],"wp:featuredmedia":[{"embeddable":true,"href":"https:\/\/www.aptafurg.org.br\/novo\/wp-json\/wp\/v2\/media\/3237"}],"wp:attachment":[{"href":"https:\/\/www.aptafurg.org.br\/novo\/wp-json\/wp\/v2\/media?parent=6013"}],"wp:term":[{"taxonomy":"category","embeddable":true,"href":"https:\/\/www.aptafurg.org.br\/novo\/wp-json\/wp\/v2\/categories?post=6013"},{"taxonomy":"post_tag","embeddable":true,"href":"https:\/\/www.aptafurg.org.br\/novo\/wp-json\/wp\/v2\/tags?post=6013"}],"curies":[{"name":"wp","href":"https:\/\/api.w.org\/{rel}","templated":true}]}}