{"id":5999,"date":"2025-09-10T20:04:20","date_gmt":"2025-09-10T23:04:20","guid":{"rendered":"https:\/\/www.aptafurg.org.br\/novo\/?p=5999"},"modified":"2025-09-10T20:04:20","modified_gmt":"2025-09-10T23:04:20","slug":"nova-vitoria-da-aptafurg-acao-judicial-sobre-abono-de-permanencia","status":"publish","type":"post","link":"https:\/\/www.aptafurg.org.br\/novo\/nova-vitoria-da-aptafurg-acao-judicial-sobre-abono-de-permanencia\/","title":{"rendered":"NOVA VIT\u00d3RIA DA APTAFURG- A\u00e7\u00e3o Judicial sobre abono de perman\u00eancia"},"content":{"rendered":"<p><span data-contrast=\"auto\">A APTAFURG SINDICATO, em aten\u00e7\u00e3o as not\u00edcias que est\u00e3o circulando referentes a possibilidade de inclus\u00e3o dos valores recebidos a t\u00edtulo de abono de perman\u00eancia na base de c\u00e1lculo da gratifica\u00e7\u00e3o natalina e ter\u00e7o de f\u00e9rias, informa que <\/span><b><span data-contrast=\"auto\">desde 2019 possui a\u00e7\u00e3o coletiva discutindo o tema em favor de seus representados<\/span><\/b><span data-contrast=\"auto\">.<\/span><span data-ccp-props=\"{&quot;201341983&quot;:0,&quot;335551550&quot;:6,&quot;335551620&quot;:6,&quot;335559739&quot;:0,&quot;335559740&quot;:240}\">&nbsp;<\/span><\/p>\n<p><span data-ccp-props=\"{&quot;201341983&quot;:0,&quot;335551550&quot;:6,&quot;335551620&quot;:6,&quot;335559739&quot;:0,&quot;335559740&quot;:240}\">&nbsp;<\/span><span data-contrast=\"auto\">Essa a\u00e7\u00e3o foi julgada procedente em primeira inst\u00e2ncia no ano de 2020, com a decis\u00e3o sendo confirmada pelo Tribunal Regional Federal da 4\u00aa Regi\u00e3o nesse m\u00eas de agosto de 2025.<\/span><span data-ccp-props=\"{&quot;201341983&quot;:0,&quot;335551550&quot;:6,&quot;335551620&quot;:6,&quot;335559739&quot;:0,&quot;335559740&quot;:240}\">&nbsp;<\/span><\/p>\n<p><span data-ccp-props=\"{&quot;201341983&quot;:0,&quot;335551550&quot;:6,&quot;335551620&quot;:6,&quot;335559739&quot;:0,&quot;335559740&quot;:240}\">&nbsp;<\/span><span data-contrast=\"auto\">Dessa forma, j\u00e1 \u00e9 poss\u00edvel o fornecimento de documenta\u00e7\u00e3o para realiza\u00e7\u00e3o de c\u00e1lculos que dar\u00e3o in\u00edcio ao procedimento de cobran\u00e7a dos valores devidos!<\/span><span data-ccp-props=\"{&quot;201341983&quot;:0,&quot;335551550&quot;:6,&quot;335551620&quot;:6,&quot;335559739&quot;:0,&quot;335559740&quot;:240}\">&nbsp;<\/span><\/p>\n<p><span data-ccp-props=\"{&quot;201341983&quot;:0,&quot;335551550&quot;:6,&quot;335551620&quot;:6,&quot;335559739&quot;:0,&quot;335559740&quot;:240}\">&nbsp;<\/span><b><span data-contrast=\"auto\">Quem tem direito? Servidor ou servidora da base da APTAFURG que tenha recebido abono de perman\u00eancia em qualquer per\u00edodo a partir de agosto de 2014!<\/span><\/b><span data-ccp-props=\"{&quot;201341983&quot;:0,&quot;335551550&quot;:6,&quot;335551620&quot;:6,&quot;335559739&quot;:0,&quot;335559740&quot;:240}\">&nbsp;<\/span><\/p>\n<p><span data-ccp-props=\"{&quot;201341983&quot;:0,&quot;335551550&quot;:6,&quot;335551620&quot;:6,&quot;335559739&quot;:0,&quot;335559740&quot;:240}\">&nbsp;<\/span><span data-contrast=\"auto\">Documentos que devem ser fornecidos: documento com foto e CPF, comprovante de endere\u00e7o, contracheques (ver informa\u00e7\u00f5es abaixo) e procura\u00e7\u00e3o.<\/span><span data-ccp-props=\"{&quot;201341983&quot;:0,&quot;335551550&quot;:6,&quot;335551620&quot;:6,&quot;335559739&quot;:0,&quot;335559740&quot;:240}\">&nbsp;<\/span><\/p>\n<p><span data-ccp-props=\"{&quot;201341983&quot;:0,&quot;335551550&quot;:6,&quot;335551620&quot;:6,&quot;335559739&quot;:0,&quot;335559740&quot;:240}\">&nbsp;<\/span><span data-contrast=\"auto\">A procura\u00e7\u00e3o que ser\u00e1 preenchida e assinada \u00e9 fornecida pelo sindicato no momento da entrega dos documentos.<\/span><span data-ccp-props=\"{&quot;201341983&quot;:0,&quot;335551550&quot;:6,&quot;335551620&quot;:6,&quot;335559739&quot;:0,&quot;335559740&quot;:240}\">&nbsp;<\/span><\/p>\n<p><span data-ccp-props=\"{&quot;201341983&quot;:0,&quot;335551550&quot;:6,&quot;335551620&quot;:6,&quot;335559739&quot;:0,&quot;335559740&quot;:240}\">&nbsp;<\/span><b><span data-contrast=\"auto\">Contracheques necess\u00e1rios<\/span><\/b><b><span data-contrast=\"auto\"> (ou fichas financeiras):<\/span><\/b><span data-ccp-props=\"{&quot;201341983&quot;:0,&quot;335551550&quot;:6,&quot;335551620&quot;:6,&quot;335559739&quot;:0,&quot;335559740&quot;:240}\">&nbsp;<\/span><\/p>\n<p><span data-ccp-props=\"{&quot;201341983&quot;:0,&quot;335551550&quot;:6,&quot;335551620&quot;:6,&quot;335559739&quot;:0,&quot;335559740&quot;:240}\">&nbsp;&#8211;<\/span><b><span data-contrast=\"auto\">&nbsp;Para quem j\u00e1 recebia abono de perman\u00eancia antes de agosto de 2014 \u2013<\/span><\/b><span data-contrast=\"auto\"> totalidade dos contracheques de agosto de 2014 at\u00e9 o atual (se aposentado, at\u00e9 a data da aposentadoria);<\/span><span data-ccp-props=\"{&quot;201341983&quot;:0,&quot;335551550&quot;:6,&quot;335551620&quot;:6,&quot;335559739&quot;:0,&quot;335559740&quot;:240}\">&nbsp;<\/span><\/p>\n<p><b><span data-contrast=\"auto\">&#8211; Para quem passou a receber abono de perman\u00eancia a partir de agosto de 2014 \u2013<\/span><\/b><span data-contrast=\"auto\"> contracheques do m\u00eas que passou a receber o abono at\u00e9 o atual (se aposentado, at\u00e9 a data da aposentadoria).<\/span><span data-ccp-props=\"{&quot;201341983&quot;:0,&quot;335551550&quot;:6,&quot;335551620&quot;:6,&quot;335559739&quot;:0,&quot;335559740&quot;:240}\">&nbsp;<\/span><\/p>\n<p><span data-contrast=\"auto\"><img loading=\"lazy\" decoding=\"async\" class=\"alignnone size-medium wp-image-6000\" src=\"https:\/\/www.aptafurg.org.br\/novo\/wp-content\/uploads\/2025\/09\/1-240x300.png\" alt=\"\" width=\"240\" height=\"300\" srcset=\"https:\/\/www.aptafurg.org.br\/novo\/wp-content\/uploads\/2025\/09\/1-240x300.png 240w, https:\/\/www.aptafurg.org.br\/novo\/wp-content\/uploads\/2025\/09\/1-819x1024.png 819w, https:\/\/www.aptafurg.org.br\/novo\/wp-content\/uploads\/2025\/09\/1-768x960.png 768w, https:\/\/www.aptafurg.org.br\/novo\/wp-content\/uploads\/2025\/09\/1.png 1080w\" sizes=\"auto, (max-width: 240px) 100vw, 240px\" \/> <img loading=\"lazy\" decoding=\"async\" class=\"alignnone size-medium wp-image-6001\" src=\"https:\/\/www.aptafurg.org.br\/novo\/wp-content\/uploads\/2025\/09\/2-240x300.png\" alt=\"\" width=\"240\" height=\"300\" srcset=\"https:\/\/www.aptafurg.org.br\/novo\/wp-content\/uploads\/2025\/09\/2-240x300.png 240w, https:\/\/www.aptafurg.org.br\/novo\/wp-content\/uploads\/2025\/09\/2-819x1024.png 819w, https:\/\/www.aptafurg.org.br\/novo\/wp-content\/uploads\/2025\/09\/2-768x960.png 768w, https:\/\/www.aptafurg.org.br\/novo\/wp-content\/uploads\/2025\/09\/2.png 1080w\" sizes=\"auto, (max-width: 240px) 100vw, 240px\" \/> <img loading=\"lazy\" decoding=\"async\" class=\"alignnone size-medium wp-image-6002\" src=\"https:\/\/www.aptafurg.org.br\/novo\/wp-content\/uploads\/2025\/09\/3-240x300.png\" alt=\"\" width=\"240\" height=\"300\" srcset=\"https:\/\/www.aptafurg.org.br\/novo\/wp-content\/uploads\/2025\/09\/3-240x300.png 240w, https:\/\/www.aptafurg.org.br\/novo\/wp-content\/uploads\/2025\/09\/3-819x1024.png 819w, https:\/\/www.aptafurg.org.br\/novo\/wp-content\/uploads\/2025\/09\/3-768x960.png 768w, https:\/\/www.aptafurg.org.br\/novo\/wp-content\/uploads\/2025\/09\/3.png 1080w\" sizes=\"auto, (max-width: 240px) 100vw, 240px\" \/> <img loading=\"lazy\" decoding=\"async\" class=\"alignnone size-medium wp-image-6003\" src=\"https:\/\/www.aptafurg.org.br\/novo\/wp-content\/uploads\/2025\/09\/4-240x300.png\" alt=\"\" width=\"240\" height=\"300\" srcset=\"https:\/\/www.aptafurg.org.br\/novo\/wp-content\/uploads\/2025\/09\/4-240x300.png 240w, https:\/\/www.aptafurg.org.br\/novo\/wp-content\/uploads\/2025\/09\/4-819x1024.png 819w, https:\/\/www.aptafurg.org.br\/novo\/wp-content\/uploads\/2025\/09\/4-768x960.png 768w, https:\/\/www.aptafurg.org.br\/novo\/wp-content\/uploads\/2025\/09\/4.png 1080w\" sizes=\"auto, (max-width: 240px) 100vw, 240px\" \/> <img loading=\"lazy\" decoding=\"async\" class=\"alignnone size-medium wp-image-6004\" src=\"https:\/\/www.aptafurg.org.br\/novo\/wp-content\/uploads\/2025\/09\/5-240x300.png\" alt=\"\" width=\"240\" height=\"300\" srcset=\"https:\/\/www.aptafurg.org.br\/novo\/wp-content\/uploads\/2025\/09\/5-240x300.png 240w, https:\/\/www.aptafurg.org.br\/novo\/wp-content\/uploads\/2025\/09\/5-819x1024.png 819w, https:\/\/www.aptafurg.org.br\/novo\/wp-content\/uploads\/2025\/09\/5-768x960.png 768w, https:\/\/www.aptafurg.org.br\/novo\/wp-content\/uploads\/2025\/09\/5.png 1080w\" sizes=\"auto, (max-width: 240px) 100vw, 240px\" \/>Para quaisquer esclarecimentos, a assessoria jur\u00eddica se encontra dispon\u00edvel nos atendimentos que s\u00e3o realizados as segundas e quartas-feiras pela manh\u00e3 na sede da APTAFURG, bem como as segundas no IFRS e HU (falar com a secretaria do sindicato para saber as datas, hor\u00e1rios e salas onde os atendimentos s\u00e3o realizados).<\/span><span data-ccp-props=\"{&quot;201341983&quot;:0,&quot;335551550&quot;:6,&quot;335551620&quot;:6,&quot;335559739&quot;:0,&quot;335559740&quot;:240}\">&nbsp;<\/span><\/p>\n<p>&nbsp;<\/p>\n","protected":false},"excerpt":{"rendered":"<p>A APTAFURG SINDICATO, em aten\u00e7\u00e3o as not\u00edcias que est\u00e3o circulando referentes a possibilidade de inclus\u00e3o dos valores recebidos a t\u00edtulo de abono de perman\u00eancia na base de c\u00e1lculo da gratifica\u00e7\u00e3o natalina e ter\u00e7o de f\u00e9rias, informa que desde 2019 possui a\u00e7\u00e3o coletiva discutindo o tema em favor de seus representados.&nbsp; &nbsp;Essa a\u00e7\u00e3o foi julgada procedente&hellip;<\/p>\n","protected":false},"author":2,"featured_media":6000,"comment_status":"closed","ping_status":"open","sticky":false,"template":"","format":"standard","meta":{"ngg_post_thumbnail":0,"footnotes":""},"categories":[232],"tags":[],"class_list":["post-5999","post","type-post","status-publish","format-standard","has-post-thumbnail","hentry","category-noticias"],"_links":{"self":[{"href":"https:\/\/www.aptafurg.org.br\/novo\/wp-json\/wp\/v2\/posts\/5999","targetHints":{"allow":["GET"]}}],"collection":[{"href":"https:\/\/www.aptafurg.org.br\/novo\/wp-json\/wp\/v2\/posts"}],"about":[{"href":"https:\/\/www.aptafurg.org.br\/novo\/wp-json\/wp\/v2\/types\/post"}],"author":[{"embeddable":true,"href":"https:\/\/www.aptafurg.org.br\/novo\/wp-json\/wp\/v2\/users\/2"}],"replies":[{"embeddable":true,"href":"https:\/\/www.aptafurg.org.br\/novo\/wp-json\/wp\/v2\/comments?post=5999"}],"version-history":[{"count":1,"href":"https:\/\/www.aptafurg.org.br\/novo\/wp-json\/wp\/v2\/posts\/5999\/revisions"}],"predecessor-version":[{"id":6005,"href":"https:\/\/www.aptafurg.org.br\/novo\/wp-json\/wp\/v2\/posts\/5999\/revisions\/6005"}],"wp:featuredmedia":[{"embeddable":true,"href":"https:\/\/www.aptafurg.org.br\/novo\/wp-json\/wp\/v2\/media\/6000"}],"wp:attachment":[{"href":"https:\/\/www.aptafurg.org.br\/novo\/wp-json\/wp\/v2\/media?parent=5999"}],"wp:term":[{"taxonomy":"category","embeddable":true,"href":"https:\/\/www.aptafurg.org.br\/novo\/wp-json\/wp\/v2\/categories?post=5999"},{"taxonomy":"post_tag","embeddable":true,"href":"https:\/\/www.aptafurg.org.br\/novo\/wp-json\/wp\/v2\/tags?post=5999"}],"curies":[{"name":"wp","href":"https:\/\/api.w.org\/{rel}","templated":true}]}}