{"id":5675,"date":"2025-04-28T16:00:29","date_gmt":"2025-04-28T19:00:29","guid":{"rendered":"https:\/\/www.aptafurg.org.br\/novo\/?p=5675"},"modified":"2025-04-28T16:00:29","modified_gmt":"2025-04-28T19:00:29","slug":"mes-do-trabalhador-e-da-trabalhadora-a-luta-e-diaria","status":"publish","type":"post","link":"https:\/\/www.aptafurg.org.br\/novo\/mes-do-trabalhador-e-da-trabalhadora-a-luta-e-diaria\/","title":{"rendered":"M\u00eas do trabalhador e da trabalhadora- A luta \u00e9 di\u00e1ria!"},"content":{"rendered":"<p>Gostaria de lembrar a todos que o dia do trabalhador e da trabalhadora n\u00e3o \u00e9 uma data comemorativa e muito menos de descanso em virtude do feriado. Ela \u00e9 uma data de luta por direito dos trabalhadores e ela teve sua origem em um movimento de greve estadunidense em 1\u00ba de maio de 1886, onde os trabalhadores postulavam a redu\u00e7\u00e3o da carga hor\u00e1ria de trabalho para 8 horas di\u00e1ria. Isso nos faz refletir que todos os direitos que temos hoje n\u00e3o foram frutos da bondade dos nossos patr\u00f5es e muito menos dos legisladores, foram frutos de muita luta.<\/p>\n<p>E a nossa realidade como servidores p\u00fablicos que somos n\u00e3o \u00e9 diferente, e pudemos verificar isso com a implementa\u00e7\u00e3o do nosso acordo de greve. E ainda temos muitas lutas pela frente, como a implementa\u00e7\u00e3o da acelera\u00e7\u00e3o da progress\u00e3o por capacita\u00e7\u00e3o, a equipara\u00e7\u00e3o do aux\u00edlio-alimenta\u00e7\u00e3o entre os tr\u00eas poderes, redu\u00e7\u00e3o da nossa jornada de trabalho para 30 horas semanais, pol\u00edtica efetiva de capacita\u00e7\u00e3o, pol\u00edtica de sa\u00fade dos trabalhadores, reenquadramento dos aposentados e entre outras. Mas s\u00f3 teremos \u00eaxito com a participa\u00e7\u00e3o do maior n\u00famero poss\u00edvel de trabalhadores. S\u00f3 assim provaremos o nosso merecimento.<\/p>\n<p>Temos que mostrar em movimento de luta a nossa for\u00e7a, a for\u00e7a do trabalhador, que s\u00f3 unido em luta consegue colher frutos. Sem luta, sem ganho.<\/p>\n<p>Trabalhadores, univos!<\/p>\n<p>&nbsp;<\/p>\n<p>Everton Porciuncula<\/p>\n<p>Coordenador Geral da APTAFURG<\/p>\n<p>&nbsp;<\/p>\n<p>&nbsp;<\/p>\n<p>Ol\u00e1, companheiros e companheiras da FURG e do IFRS. Celebramos o Dia Internacional do Trabalhador e da Trabalhadora, uma data que nos convida \u00e0 reflex\u00e3o sobre nossas conquistas e nossos desafios coletivos. Este ano tamb\u00e9m marca um momento especial da nossa hist\u00f3ria, os 40 anos da APTAFURG, sindicato que tem sido pilar de resist\u00eancia e organiza\u00e7\u00e3o da nossa categoria ao longo de quatro d\u00e9cadas de luto.<\/p>\n<p>Em 2024, nossa categoria protagonizou uma das maiores greves da educa\u00e7\u00e3o federal, com mais de 100 dias de mobiliza\u00e7\u00e3o em defesa da carreira e do servi\u00e7o p\u00fablico. As conquistas foram importantes, mas os desdobramentos seguem em 2025. Estamos mobilizados em grupos de trabalho, na Comiss\u00e3o Nacional de Supervis\u00e3o de Carreira e nos GTs locais, lutando para que o acordo firmado seja plenamente implementado.<\/p>\n<p>Vivemos um momento em que os ataques ao servi\u00e7o p\u00fablico se intensificam. A educa\u00e7\u00e3o p\u00fablica \u00e9 alvo de cortes, desvaloriza\u00e7\u00e3o e uma proposta de reforma administrativa que visa desmontar direitos hist\u00f3ricos. Mas h\u00e1 um ataque ainda mais silencioso e perigoso, um esfor\u00e7o sistem\u00e1tico para que a gente n\u00e3o se reconhe\u00e7a como parte da classe trabalhadora.<\/p>\n<p>Tentam nos fragmentar, nos isolar, nos fazer acreditar que nossos problemas s\u00e3o individuais. Por isso, \u00e9 urgente reconstruir o sentimento de classe, reconhecer que somos muitos, que compartilhamos as mesmas lutas e que s\u00f3 com solidariedade, organiza\u00e7\u00e3o e unidade seremos capazes de defender nossos direitos e construir um futuro justo.<\/p>\n<p>O Dia do Trabalhador n\u00e3o \u00e9 apenas para comemorar, \u00e9 de lembrar que nossas conquistas vieram de luta coletiva e que ainda h\u00e1 muito por fazer.<\/p>\n<p>&nbsp;<\/p>\n<p>Patrick Mastos&nbsp; Freitas<\/p>\n<p>Coordenador Administrativo e Financeiro<\/p>\n<p><img loading=\"lazy\" decoding=\"async\" class=\"alignnone  wp-image-5676\" src=\"https:\/\/www.aptafurg.org.br\/novo\/wp-content\/uploads\/2025\/04\/01-de-maio-dia-do-trabalhador-com-ma\u0303os-branco-comemorativo-post-para-facebook-1-300x251.png\" alt=\"\" width=\"418\" height=\"350\" srcset=\"https:\/\/www.aptafurg.org.br\/novo\/wp-content\/uploads\/2025\/04\/01-de-maio-dia-do-trabalhador-com-ma\u0303os-branco-comemorativo-post-para-facebook-1-300x251.png 300w, https:\/\/www.aptafurg.org.br\/novo\/wp-content\/uploads\/2025\/04\/01-de-maio-dia-do-trabalhador-com-ma\u0303os-branco-comemorativo-post-para-facebook-1-768x644.png 768w, https:\/\/www.aptafurg.org.br\/novo\/wp-content\/uploads\/2025\/04\/01-de-maio-dia-do-trabalhador-com-ma\u0303os-branco-comemorativo-post-para-facebook-1.png 940w\" sizes=\"auto, (max-width: 418px) 100vw, 418px\" \/><\/p>\n","protected":false},"excerpt":{"rendered":"<p>Gostaria de lembrar a todos que o dia do trabalhador e da trabalhadora n\u00e3o \u00e9 uma data comemorativa e muito menos de descanso em virtude do feriado. Ela \u00e9 uma data de luta por direito dos trabalhadores e ela teve sua origem em um movimento de greve estadunidense em 1\u00ba de maio de 1886, onde&hellip;<\/p>\n","protected":false},"author":2,"featured_media":5676,"comment_status":"closed","ping_status":"open","sticky":false,"template":"","format":"standard","meta":{"ngg_post_thumbnail":0,"footnotes":""},"categories":[232],"tags":[],"class_list":["post-5675","post","type-post","status-publish","format-standard","has-post-thumbnail","hentry","category-noticias"],"_links":{"self":[{"href":"https:\/\/www.aptafurg.org.br\/novo\/wp-json\/wp\/v2\/posts\/5675","targetHints":{"allow":["GET"]}}],"collection":[{"href":"https:\/\/www.aptafurg.org.br\/novo\/wp-json\/wp\/v2\/posts"}],"about":[{"href":"https:\/\/www.aptafurg.org.br\/novo\/wp-json\/wp\/v2\/types\/post"}],"author":[{"embeddable":true,"href":"https:\/\/www.aptafurg.org.br\/novo\/wp-json\/wp\/v2\/users\/2"}],"replies":[{"embeddable":true,"href":"https:\/\/www.aptafurg.org.br\/novo\/wp-json\/wp\/v2\/comments?post=5675"}],"version-history":[{"count":1,"href":"https:\/\/www.aptafurg.org.br\/novo\/wp-json\/wp\/v2\/posts\/5675\/revisions"}],"predecessor-version":[{"id":5677,"href":"https:\/\/www.aptafurg.org.br\/novo\/wp-json\/wp\/v2\/posts\/5675\/revisions\/5677"}],"wp:featuredmedia":[{"embeddable":true,"href":"https:\/\/www.aptafurg.org.br\/novo\/wp-json\/wp\/v2\/media\/5676"}],"wp:attachment":[{"href":"https:\/\/www.aptafurg.org.br\/novo\/wp-json\/wp\/v2\/media?parent=5675"}],"wp:term":[{"taxonomy":"category","embeddable":true,"href":"https:\/\/www.aptafurg.org.br\/novo\/wp-json\/wp\/v2\/categories?post=5675"},{"taxonomy":"post_tag","embeddable":true,"href":"https:\/\/www.aptafurg.org.br\/novo\/wp-json\/wp\/v2\/tags?post=5675"}],"curies":[{"name":"wp","href":"https:\/\/api.w.org\/{rel}","templated":true}]}}