{"id":5545,"date":"2025-02-12T15:15:04","date_gmt":"2025-02-12T18:15:04","guid":{"rendered":"https:\/\/www.aptafurg.org.br\/novo\/?p=5545"},"modified":"2025-02-12T15:15:04","modified_gmt":"2025-02-12T18:15:04","slug":"coordenadoras-da-aptafurg-participam-de-encontro-estadual-das-mulheres-da-cut","status":"publish","type":"post","link":"https:\/\/www.aptafurg.org.br\/novo\/coordenadoras-da-aptafurg-participam-de-encontro-estadual-das-mulheres-da-cut\/","title":{"rendered":"Coordenadoras da APTAFURG participam de Encontro Estadual das Mulheres da CUT"},"content":{"rendered":"<p>No \u00faltimo s\u00e1bado, 8, ocorreu o Encontro das Mulheres da CUT\/RS, na sede do Sindicato dos Banc\u00e1rios de Porto Alegre e Regi\u00e3o (SindBanc\u00e1rios). Foi um momento de organiza\u00e7\u00e3o e fortalecimento para as lutas do ano de 2025. A atividade reuniu trabalhadoras de diversas categorias para discutir estrat\u00e9gias e pautas priorit\u00e1rias, com destaque para a mobiliza\u00e7\u00e3o do 8 de Mar\u00e7o, Dia Internacional da Mulher.<\/p>\n<p>Participaram do encontro as coordenadoras e integrantes do GT Mulheres da APTAFURG, Denise Giesta Pinho, Neiza Maria \u00c1vila e Neide da Silva Cunha.<\/p>\n<p>Conforme relato das participantes o encontro foi marcado pelo sentimento de coletividade com a participa\u00e7\u00e3o de trabalhadoras de diversas categorias.<\/p>\n<p>Durante a manh\u00e3, as participantes fizeram uma an\u00e1lise de conjuntura, debatendo os desafios pol\u00edticos e econ\u00f4micos que impactam as mulheres trabalhadoras. No per\u00edodo da tarde, foram discutidas quest\u00f5es como a pol\u00edtica de cuidados e a redu\u00e7\u00e3o da jornada de trabalho, uma luta hist\u00f3rica da CUT que vem ganhando visibilidade a n\u00edvel nacional.<\/p>\n<p>Um ponto destacado pela coordenadora de forma\u00e7\u00e3o pol\u00edtica, Neiza Maria \u00c1vila foi o fato de Rio Grande ter eleito a primeira mulher Prefeita, como uma importante conquista e representatividade das mulheres do munic\u00edpio de Rio Grande.<\/p>\n<p>Al\u00e9m disso, as mulheres cutistas se organizaram para a participa\u00e7\u00e3o na Marcha das Mulheres Negras, em Bras\u00edlia, prevista para novembro, reafirmando o compromisso com a interseccionalidade das lutas feministas e antirracistas. Outro ponto importante do encontro foi a apresenta\u00e7\u00e3o das atividades j\u00e1 programadas por diversos sindicatos para os meses de fevereiro e mar\u00e7o, demonstrando a ampla mobiliza\u00e7\u00e3o da CUT\/RS para pautas feministas e trabalhistas.<\/p>\n<p>De acordo com a coordenadora Neide Cunha, embora o destaque do Encontro tenha sido a organiza\u00e7\u00e3o e o alinhamento das atividades do 08 de Mar\u00e7o, foram tamb\u00e9m discutidas diversas quest\u00f5es como a Pol\u00edtica Nacional do Cuidado, institu\u00edda pela Lei 15069\/24 e a redu\u00e7\u00e3o da jornada de trabalho, que \u00e9 uma luta hist\u00f3rica da CUT.<\/p>\n<p><img loading=\"lazy\" decoding=\"async\" class=\"alignnone size-medium wp-image-5549\" src=\"https:\/\/www.aptafurg.org.br\/novo\/wp-content\/uploads\/2025\/02\/WhatsApp-Image-2025-02-12-at-15.13.34-300x225.jpeg\" alt=\"\" width=\"300\" height=\"225\" srcset=\"https:\/\/www.aptafurg.org.br\/novo\/wp-content\/uploads\/2025\/02\/WhatsApp-Image-2025-02-12-at-15.13.34-300x225.jpeg 300w, https:\/\/www.aptafurg.org.br\/novo\/wp-content\/uploads\/2025\/02\/WhatsApp-Image-2025-02-12-at-15.13.34-1024x768.jpeg 1024w, https:\/\/www.aptafurg.org.br\/novo\/wp-content\/uploads\/2025\/02\/WhatsApp-Image-2025-02-12-at-15.13.34-768x576.jpeg 768w, https:\/\/www.aptafurg.org.br\/novo\/wp-content\/uploads\/2025\/02\/WhatsApp-Image-2025-02-12-at-15.13.34.jpeg 1280w\" sizes=\"auto, (max-width: 300px) 100vw, 300px\" \/> <img loading=\"lazy\" decoding=\"async\" class=\"alignnone size-medium wp-image-5548\" src=\"https:\/\/www.aptafurg.org.br\/novo\/wp-content\/uploads\/2025\/02\/WhatsApp-Image-2025-02-12-at-15.13.34-2-225x300.jpeg\" alt=\"\" width=\"225\" height=\"300\" srcset=\"https:\/\/www.aptafurg.org.br\/novo\/wp-content\/uploads\/2025\/02\/WhatsApp-Image-2025-02-12-at-15.13.34-2-225x300.jpeg 225w, https:\/\/www.aptafurg.org.br\/novo\/wp-content\/uploads\/2025\/02\/WhatsApp-Image-2025-02-12-at-15.13.34-2-768x1024.jpeg 768w, https:\/\/www.aptafurg.org.br\/novo\/wp-content\/uploads\/2025\/02\/WhatsApp-Image-2025-02-12-at-15.13.34-2.jpeg 774w\" sizes=\"auto, (max-width: 225px) 100vw, 225px\" \/> <img loading=\"lazy\" decoding=\"async\" class=\"alignnone size-medium wp-image-5547\" src=\"https:\/\/www.aptafurg.org.br\/novo\/wp-content\/uploads\/2025\/02\/WhatsApp-Image-2025-02-12-at-15.13.34-1-283x300.jpeg\" alt=\"\" width=\"283\" height=\"300\" srcset=\"https:\/\/www.aptafurg.org.br\/novo\/wp-content\/uploads\/2025\/02\/WhatsApp-Image-2025-02-12-at-15.13.34-1-283x300.jpeg 283w, https:\/\/www.aptafurg.org.br\/novo\/wp-content\/uploads\/2025\/02\/WhatsApp-Image-2025-02-12-at-15.13.34-1-768x814.jpeg 768w, https:\/\/www.aptafurg.org.br\/novo\/wp-content\/uploads\/2025\/02\/WhatsApp-Image-2025-02-12-at-15.13.34-1.jpeg 967w\" sizes=\"auto, (max-width: 283px) 100vw, 283px\" \/><\/p>\n","protected":false},"excerpt":{"rendered":"<p>No \u00faltimo s\u00e1bado, 8, ocorreu o Encontro das Mulheres da CUT\/RS, na sede do Sindicato dos Banc\u00e1rios de Porto Alegre e Regi\u00e3o (SindBanc\u00e1rios). Foi um momento de organiza\u00e7\u00e3o e fortalecimento para as lutas do ano de 2025. A atividade reuniu trabalhadoras de diversas categorias para discutir estrat\u00e9gias e pautas priorit\u00e1rias, com destaque para a mobiliza\u00e7\u00e3o&hellip;<\/p>\n","protected":false},"author":2,"featured_media":5546,"comment_status":"closed","ping_status":"open","sticky":false,"template":"","format":"standard","meta":{"ngg_post_thumbnail":0,"footnotes":""},"categories":[232],"tags":[],"class_list":["post-5545","post","type-post","status-publish","format-standard","has-post-thumbnail","hentry","category-noticias"],"_links":{"self":[{"href":"https:\/\/www.aptafurg.org.br\/novo\/wp-json\/wp\/v2\/posts\/5545","targetHints":{"allow":["GET"]}}],"collection":[{"href":"https:\/\/www.aptafurg.org.br\/novo\/wp-json\/wp\/v2\/posts"}],"about":[{"href":"https:\/\/www.aptafurg.org.br\/novo\/wp-json\/wp\/v2\/types\/post"}],"author":[{"embeddable":true,"href":"https:\/\/www.aptafurg.org.br\/novo\/wp-json\/wp\/v2\/users\/2"}],"replies":[{"embeddable":true,"href":"https:\/\/www.aptafurg.org.br\/novo\/wp-json\/wp\/v2\/comments?post=5545"}],"version-history":[{"count":1,"href":"https:\/\/www.aptafurg.org.br\/novo\/wp-json\/wp\/v2\/posts\/5545\/revisions"}],"predecessor-version":[{"id":5550,"href":"https:\/\/www.aptafurg.org.br\/novo\/wp-json\/wp\/v2\/posts\/5545\/revisions\/5550"}],"wp:featuredmedia":[{"embeddable":true,"href":"https:\/\/www.aptafurg.org.br\/novo\/wp-json\/wp\/v2\/media\/5546"}],"wp:attachment":[{"href":"https:\/\/www.aptafurg.org.br\/novo\/wp-json\/wp\/v2\/media?parent=5545"}],"wp:term":[{"taxonomy":"category","embeddable":true,"href":"https:\/\/www.aptafurg.org.br\/novo\/wp-json\/wp\/v2\/categories?post=5545"},{"taxonomy":"post_tag","embeddable":true,"href":"https:\/\/www.aptafurg.org.br\/novo\/wp-json\/wp\/v2\/tags?post=5545"}],"curies":[{"name":"wp","href":"https:\/\/api.w.org\/{rel}","templated":true}]}}