{"id":4519,"date":"2023-08-29T09:36:50","date_gmt":"2023-08-29T12:36:50","guid":{"rendered":"https:\/\/www.aptafurg.org.br\/novo\/?p=4519"},"modified":"2023-08-29T09:36:53","modified_gmt":"2023-08-29T12:36:53","slug":"fasubra-e-a-autonomia-universitaria-com-paridade-e-fim-da-lista-triplice","status":"publish","type":"post","link":"https:\/\/www.aptafurg.org.br\/novo\/fasubra-e-a-autonomia-universitaria-com-paridade-e-fim-da-lista-triplice\/","title":{"rendered":"Fasubra e a autonomia universit\u00e1ria com paridade e fim da lista tr\u00edplice"},"content":{"rendered":"\n<p>No dia 23 de agosto, no Anexo II do Plen\u00e1rio 3 da C\u00e2mara dos Deputados, aconteceu mais uma reuni\u00e3o da Comiss\u00f5es de Ci\u00eancia, Tecnologia e Inova\u00e7\u00e3o, Educa\u00e7\u00e3o e Legisla\u00e7\u00e3o Participativa, com o tema \u201cAutonomia Universit\u00e1ria\u201d. A FASUBRA marcou presen\u00e7a atrav\u00e9s de sua Coordenadora Geral, Cristina del Papa, que foi uma das expositoras. Tamb\u00e9m estavam no plen\u00e1rio v\u00e1rios coordenadores da entidade, como M\u00e1rcia Abreu (Coordenadora de Administra\u00e7\u00e3o e Finan\u00e7as), Lucimara da Silva da Cruz (Coordenadora de Comunica\u00e7\u00e3o Sindical), Jo\u00e3o Daniel de Moura (Coordenador de Estaduais e Municipais), Ros\u00e2ngela Gomes Soares da Costa (Coordenadora da Mulher Trabalhadora), Andr\u00e9 Nascimento dos Santos (Coordenador LGBTI+), Fl\u00e1vio Sereno Cardoso (Suplente da dire\u00e7\u00e3o nacional) e Lenilson Martins de Santana (Coordena\u00e7\u00e3o de Pol\u00edticas Sociais e G\u00eanero).<\/p>\n\n\n\n<p>Outras presen\u00e7as marcantes tamb\u00e9m foram expositores como: Denise Carvalho (Secret\u00e1ria de Educa\u00e7\u00e3o Superior do MEC), M\u00e1rcia Abrah\u00e3o Moura (Presidente da Associa\u00e7\u00e3o Nacional dos Dirigentes das Institui\u00e7\u00f5es Federais de Ensino Superior \u2013 ANDIFES), Francieli Rebelatto (Secret\u00e1ria-Geral do Sindicato Nacional dos Docentes das Institui\u00e7\u00f5es de Ensino Superior \u2013 ANDES), Manuella Mirella (Presidenta da Uni\u00e3o Nacional dos Estudantes), Mayra Goulart (Professora da UFRJ e representante do Observat\u00f3rio do Conhecimento).<\/p>\n\n\n\n<p>Uma das discuss\u00f5es mais importantes foi o fim da lista tr\u00edplice para escolha de reitores e reitoras das universidades federais, atrav\u00e9s de elei\u00e7\u00f5es diretas com a participa\u00e7\u00e3o da comunidade acad\u00eamica, viabilizando, desta forma a autonomia universit\u00e1ria e com paridade entre docentes, servidores e estudantes.<\/p>\n\n\n\n<p>Os maiores preju\u00edzos \u00e0s universidades permanecem na tentativa de desmoraliz\u00e1-las e enfraquec\u00ea-las do ponto de vista democr\u00e1tico. Percebeu-se, de forma mais cr\u00edtica no governo Bolsonaro, a utiliza\u00e7\u00e3o do abuso de poder pol\u00edtico para impor a presen\u00e7a de reitores interventores em diversas IFES. A principal trincheira tem sido a possibilidade de atrav\u00e9s da lista tr\u00edplice, a imposi\u00e7\u00e3o de reitores n\u00e3o eleitos pelas comunidades acad\u00eamicas pela presid\u00eancia da Rep\u00fablica. A lista tr\u00edplice, dispositivo herdado da ditadura, retornou no s\u00e9culo XXI como principal mecanismo de excesso de controle governamental das universidades.<\/p>\n\n\n\n<p>Acompanhe as falas dos expositores na comiss\u00e3o:<\/p>\n\n\n\n<figure class=\"wp-block-embed is-type-video is-provider-youtube wp-block-embed-youtube wp-embed-aspect-16-9 wp-has-aspect-ratio\"><div class=\"wp-block-embed__wrapper\">\n<iframe loading=\"lazy\" title=\"Autonomia Universit\u00e1ria - Comiss\u00f5es de Ci\u00eancia e Tec.; Educa\u00e7\u00e3o; Legisla\u00e7\u00e3o Participativa - 23\/08\/23\" width=\"960\" height=\"540\" src=\"https:\/\/www.youtube.com\/embed\/-sNsbcNUu-o?feature=oembed&amp;modestbranding=0&amp;showinfo=0&amp;rel=0\"  allow=\"accelerometer; autoplay; clipboard-write; encrypted-media; gyroscope; picture-in-picture; web-share\" allowfullscreen><\/iframe>\n<\/div><\/figure>\n","protected":false},"excerpt":{"rendered":"<p>No dia 23 de agosto, no Anexo II do Plen\u00e1rio 3 da C\u00e2mara dos Deputados, aconteceu mais uma reuni\u00e3o da Comiss\u00f5es de Ci\u00eancia, Tecnologia e Inova\u00e7\u00e3o, Educa\u00e7\u00e3o e Legisla\u00e7\u00e3o Participativa, com o tema \u201cAutonomia Universit\u00e1ria\u201d. A FASUBRA marcou presen\u00e7a atrav\u00e9s de sua Coordenadora Geral, Cristina del Papa, que foi uma das expositoras. Tamb\u00e9m estavam no&hellip;<\/p>\n","protected":false},"author":2,"featured_media":4520,"comment_status":"closed","ping_status":"open","sticky":false,"template":"","format":"standard","meta":{"ngg_post_thumbnail":0,"footnotes":""},"categories":[232],"tags":[],"class_list":["post-4519","post","type-post","status-publish","format-standard","has-post-thumbnail","hentry","category-noticias"],"_links":{"self":[{"href":"https:\/\/www.aptafurg.org.br\/novo\/wp-json\/wp\/v2\/posts\/4519","targetHints":{"allow":["GET"]}}],"collection":[{"href":"https:\/\/www.aptafurg.org.br\/novo\/wp-json\/wp\/v2\/posts"}],"about":[{"href":"https:\/\/www.aptafurg.org.br\/novo\/wp-json\/wp\/v2\/types\/post"}],"author":[{"embeddable":true,"href":"https:\/\/www.aptafurg.org.br\/novo\/wp-json\/wp\/v2\/users\/2"}],"replies":[{"embeddable":true,"href":"https:\/\/www.aptafurg.org.br\/novo\/wp-json\/wp\/v2\/comments?post=4519"}],"version-history":[{"count":1,"href":"https:\/\/www.aptafurg.org.br\/novo\/wp-json\/wp\/v2\/posts\/4519\/revisions"}],"predecessor-version":[{"id":4521,"href":"https:\/\/www.aptafurg.org.br\/novo\/wp-json\/wp\/v2\/posts\/4519\/revisions\/4521"}],"wp:featuredmedia":[{"embeddable":true,"href":"https:\/\/www.aptafurg.org.br\/novo\/wp-json\/wp\/v2\/media\/4520"}],"wp:attachment":[{"href":"https:\/\/www.aptafurg.org.br\/novo\/wp-json\/wp\/v2\/media?parent=4519"}],"wp:term":[{"taxonomy":"category","embeddable":true,"href":"https:\/\/www.aptafurg.org.br\/novo\/wp-json\/wp\/v2\/categories?post=4519"},{"taxonomy":"post_tag","embeddable":true,"href":"https:\/\/www.aptafurg.org.br\/novo\/wp-json\/wp\/v2\/tags?post=4519"}],"curies":[{"name":"wp","href":"https:\/\/api.w.org\/{rel}","templated":true}]}}