{"id":3244,"date":"2021-07-26T09:40:42","date_gmt":"2021-07-26T12:40:42","guid":{"rendered":"https:\/\/www.aptafurg.org.br\/novo\/?p=3244"},"modified":"2021-07-26T09:40:45","modified_gmt":"2021-07-26T12:40:45","slug":"8-de-marco-dia-internacional-da-mulher-somos-muitas-e-somos-de-luta","status":"publish","type":"post","link":"https:\/\/www.aptafurg.org.br\/novo\/8-de-marco-dia-internacional-da-mulher-somos-muitas-e-somos-de-luta\/","title":{"rendered":"8 de mar\u00e7o \u2013 Dia Internacional da Mulher Somos muitas e somos de luta!"},"content":{"rendered":"\n<p>Nesse dia 8 de mar\u00e7o, Dia Internacional da Mulher, a APTAFURG tem o compromisso com a luta de todas as mulheres. Nosso sindicato \u00e9, sempre e sempre ser\u00e1 plural. Estamos&nbsp;<a href=\"mailto:conectad@s%20com\">conectad@s com<\/a>&nbsp;a luta de&nbsp;<a href=\"mailto:tod@s%20trabalhador\">tod@s trabalhador<\/a>@s, em todos os n\u00edveis e em todas as esferas. Esse ano a forma que encontramos de demonstrar que a luta das mulheres \u00e9 de todos e todas foi construir um mosaico de fotos dessas grandes mulheres que est\u00e3o na luta di\u00e1ria por uma sociedade justa e equ\u00e2nime. Mulheres de diversos lugares, de sexualidades plurais, ra\u00e7a, religi\u00e3o e profiss\u00f5es, mas uma coisa sabemos que \u00e9 \u00fanica: a luta! A luta por uma sociedade em que as mulheres possam ser livres e respeitadas na sua totalidade!<\/p>\n\n\n\n<p>Nessa homenagem trazemos mulheres de muitos fazeres, de muitas hist\u00f3rias e de muitos sonhos. Aqui cabe todo mundo. Professoras, profissionais da sa\u00fade, pescadoras, sindicalistas, artistas, advogadas, catadoras, t\u00e9cnicas-administrativas em educa\u00e7\u00e3o, costureiras, psic\u00f3logas, militantes dos movimentos sociais, m\u00e3es, av\u00f3s, enfim, elas s\u00e3o muitas e diversas e aqui o espa\u00e7o \u00e9 de todas!<\/p>\n\n\n\n<p>Mulheres \u2013 Somos muitas e somos de luta!<\/p>\n\n\n\n<p><strong>Mulheres no movimento<\/strong><\/p>\n\n\n\n<p>1.&nbsp;&nbsp;&nbsp;&nbsp;&nbsp;<strong>Andrea Nunes da Rosa<\/strong>&nbsp;\u2013 Professora, diretora do 6\u00ba N\u00facleo do Centro de Professores do Estado do Rio Grande do Sul \u2013 CPERS, Militante no Movimento de Mulheres de Rio Grande.<\/p>\n\n\n\n<p>2.&nbsp;&nbsp;&nbsp;&nbsp;&nbsp;<strong>Berenice Barcelos<\/strong>&nbsp;\u2013 Coordenadora da APTAFURG, T\u00e9cnica- Administrativa em Educa\u00e7\u00e3o e Auxiliar de enfermagem no Hospital Universit\u00e1rio da FURG.<\/p>\n\n\n\n<p>3.&nbsp;&nbsp;&nbsp;&nbsp;&nbsp;<strong>Carolina Pontes<\/strong>&nbsp;&#8211; Coordenadora de projetos e est\u00e1gios do CAIC da FURG e T\u00e9cnica- Administrativa em Educa\u00e7\u00e3o na FURG.<\/p>\n\n\n\n<p>4.&nbsp;&nbsp;&nbsp;&nbsp;&nbsp;<strong>Cassiane de Freitas Paix\u00e3o<\/strong>&nbsp;&#8211; Mulher negra nascida na fronteira e que faz a milit\u00e2ncia pelas pautas antirracistas. Professora associada da \u00e1rea de sociologia na Universidade Federal de Rio Grande. Atual coordenadora da especializa\u00e7\u00e3o em Sociologia. Coordenadora do Grupo de Pesquisa Neabi Furg.Tutora Pet conex\u00f5es de saberes da educa\u00e7\u00e3o popular e saberes acad\u00eamicos.<\/p>\n\n\n\n<p>5.&nbsp;&nbsp;&nbsp;&nbsp;&nbsp;<strong>Catia Lindemann<\/strong>&nbsp;&#8211; Bibliotec\u00e1ria Ativista de Biblioteconomia Social, Presidente da Comiss\u00e3o Brasileira de Bibliotecas Prisionais \u2013 CBBP, Representante da Am\u00e9rica Latina e Caribe dentro do GT Prison Libraries da IFLA\/UNESCO, Membro do GT CNJ dentro do Plano Nacional de Fomento \u00e0 Leitura nos Ambientes de Priva\u00e7\u00e3o de Liberdade &nbsp;e Diretora de Comunica\u00e7\u00e3o e Publica\u00e7\u00e3o \u2013 FEBAB.<\/p>\n\n\n\n<p>6.&nbsp;&nbsp;&nbsp;&nbsp;&nbsp;<strong>Celia Pereira<\/strong>&nbsp;&#8211; Riograndina atuante em arte e cultura. Profissionalmente trabalhou como arte-educadora na educa\u00e7\u00e3o p\u00fabica por 36 anos. S\u00f3cia fundadora da associa\u00e7\u00e3o ArtEsta\u00e7\u00e3o\/Ponto de Cultura. Coordena\u00e7\u00e3o em projetos com temas patrim\u00f4nio, mem\u00f3ria sociocultural. Atuante na \u00e1rea da fotografia. Integra o Coletivo ArtEsta\u00e7\u00e3o [PHOTO]dErivA. Militante no Movimento de Mulheres de Rio Grande. O cr\u00e9dito da fotografia do perfil nesse material gr\u00e1fico \u00e9 Aldivo Mendes, nosso amigo fot\u00f3grafo que faleceu a tr\u00eas s anos atr\u00e1s.<\/p>\n\n\n\n<p>7.&nbsp;&nbsp;&nbsp;&nbsp;&nbsp;<strong>Claudia Prates&nbsp;<\/strong>\u2013 Militante feminista da Marcha Mundial de Mulheres e membro do F\u00f3rum Aborto Legal RS.<\/p>\n\n\n\n<p>8.&nbsp;&nbsp;&nbsp;&nbsp;&nbsp;<strong>Cleusa Dias<\/strong>&nbsp;&#8211; Ex- reitora da Universidade Federal do Rio Grande \u2013 FURG, professora do Instituto de Educa\u00e7\u00e3o e atual diretora da Esta\u00e7\u00e3o de Apoio Ant\u00e1rtico (<strong>ESANTAR<\/strong>) da Universidade.<\/p>\n\n\n\n<p>9.&nbsp;&nbsp;&nbsp;&nbsp;&nbsp;<strong>Cristina juliano<\/strong>&nbsp;\u2013 Advogada, militante na \u00e1rea de defesa dos direitos humanos, Mestra e Doutora em Educa\u00e7\u00e3o Ambiental, Secret\u00e1ria de Munic\u00edpio de Cidadania e Assist\u00eancia Social entre 2013 e 2019, na cidade de Rio Grande.<\/p>\n\n\n\n<p>10.&nbsp;&nbsp;<strong>Darlene &nbsp;Torrada Pereira<\/strong>&nbsp;\u2013 Assistente Social,&nbsp; mestre em Desenvolvimento Social. Servidora T\u00e9cnica Administrativa em Educa\u00e7\u00e3o da FURG por 28 anos. No inicio da carreira trabalhou com grupo de mulheres para gera\u00e7\u00e3o e renda na C\u00e1ritas Rio Grande. Atuou na extens\u00e3o com projeto no trabalho comunit\u00e1rio, Intecoop e cria\u00e7\u00e3o do NUDESE. &nbsp;Atuou na Pr\u00f3- reitoria de extens\u00e3o e assuntos estudantis de 2005 a 2012. Entre os anos de 2013 a 2020 atuou na prefeitura de Rio Grande ao lado do prefeito Alexandre como chefe de gabinete do prefeito e no segundo mandato como chefe de gabinete do gabinete de programas e projetos especiais &#8211; GPPE. Em 2020 foi candidata a prefeitura do Rio Grande pelo PT.<\/p>\n\n\n\n<p>11.&nbsp;&nbsp;<strong>Denise Giesta<\/strong>&nbsp;\u2013 Coordenadora da APTAFURG, T\u00e9cnica- Administrativa em Educa\u00e7\u00e3o da FURG aposentada.<\/p>\n\n\n\n<p>12.&nbsp;&nbsp;<strong>Dianelisa Amaral Peres<\/strong>&nbsp;&#8211; Militante do Movimento Negro e Feminista Educadora Social ,Licenciada em Letras Portugu\u00eas\/ Franc\u00eas,&nbsp; mestranda do Curso de Educa\u00e7\u00e3o Ambiental FURG, atualmente desempenha fun\u00e7\u00f5es no&nbsp; CRAS Cidade de \u00c1gueda e \u00e9 vice presidente do COMDIM.<\/p>\n\n\n\n<p>13.&nbsp;&nbsp;<strong>Doris Nogueira &#8211;&nbsp;<\/strong>Professora da rede municipal de Rio Grande, atualmente diretora da CNTE e membro da CUT estadual.<\/p>\n\n\n\n<p>14.&nbsp;&nbsp;<strong>Erabetia Sim\u00f5es Gon\u00e7alves<\/strong>&nbsp;\u2013 Graduada em Ci\u00eancias Sociais, T\u00e9cnica- Administrativa em Educa\u00e7\u00e3o aposentada da FURG, membra do Conselho Municipal de Pol\u00edticas Dobre Drogas e na Associa\u00e7\u00e3o de Moradores do Bairro Bolaxa. Foi a primeira presidenta do Conselho Municipal de Sa\u00fade de Rio Grande. Foi diretora da APTAFURG e atuou por v\u00e1rios anos no CIAC da FURG, coordenando a \u00e1rea da sa\u00fade da escola.<\/p>\n\n\n\n<p>15.&nbsp;&nbsp;<strong>\u00c9rika Xavier&nbsp;<\/strong>&#8211; Mulher, gorda, bissexual, feminista, Militante do partido dos Trabalhadores, militante pelos Direitos Humanos e militante do movimento LGBT.<\/p>\n\n\n\n<p>16.&nbsp;&nbsp;<strong>Eunice Lanes Lindenmeyer<\/strong>&nbsp;&#8211;&nbsp; Advogada, casada com Alexandre, m\u00e3e do Thiago e da Mariana,&nbsp; fiz movimento estudantil , ex&nbsp; presidente do Gr\u00eamio Estudantil Juvenal Miller, fui vice presidente do Diret\u00f3rio Acad\u00eamico Rui Barbosa\/ Furg.&nbsp; Militante partid\u00e1ria fui vice presidente e secret\u00e1ria geral do Diret\u00f3rio Municipal do PT em Rio Grande. No mundo esportivo fui Vice Presidente do SC Rio Grande. Nos \u00faltimos oito anos fui colaboradora volunt\u00e1ria do Governo da Frente Popular frente \u00e0 Prefeitura Municipal do Rio Grande.<\/p>\n\n\n\n<p>17.&nbsp;&nbsp;<strong>Gessy chaves Prates<\/strong>&nbsp;&#8211; Coordenadora da Cooperativa de reciclagem e defesa do meio ambiente Santa Rita.&nbsp; 34 anos&nbsp; militando no movimento&nbsp; popular.<\/p>\n\n\n\n<p>18.&nbsp;&nbsp;<strong>Kaiane Pereira da Rosa&nbsp;<\/strong>&#8211; Estudante de Engenharia Civil da FURG, militante do Partido dos Trabalhadores. Uma jovem mulher negra e feminista que acredita na possibilidade real de uma sociedade mais justa e solid\u00e1ria.<\/p>\n\n\n\n<p>19.&nbsp;&nbsp;<strong>Karen Lose&nbsp;<\/strong>\u2013 Militante feminista.<\/p>\n\n\n\n<p>20.&nbsp;&nbsp;<strong>Lucia Nobre&nbsp;<\/strong>\u2013 T\u00e9cnica- Administrativa em Educa\u00e7\u00e3o da FURG, coordenadora do N\u00facleo de Desenvolvimento Social e Econ\u00f4mico (NUDESE).<\/p>\n\n\n\n<p>21.&nbsp;&nbsp;<strong>Maria da Gra\u00e7a Amaral<\/strong>&nbsp;\u2013 Coordenadora da APTAFURG, T\u00e9cnica &#8211; Administrativa em Educa\u00e7\u00e3o aposentada da FURG, militante do Movimento Negro.<\/p>\n\n\n\n<p>22.&nbsp;&nbsp;<strong>Maria de Lourdes Lose<\/strong>&nbsp;&#8211; Coordenadora APTAFURG, T\u00e9cnica &#8211; Administrativa em Educa\u00e7\u00e3o da FURG, aposentada, militante feminista, Mestra em Hist\u00f3ria, membra do CONDIM, da Marcha Mundial das Mulheres e foi coordenadora da Coordenadoria Municipal de Pol\u00edticas P\u00fablicas para as Mulheres, da cidade do Rio Grande.<\/p>\n\n\n\n<p>23.&nbsp;&nbsp;<strong>Marina In\u00eas viguel Menezes<\/strong>&nbsp;\u2013 Vice- coordenadora da cooperativa Santa Rita.<\/p>\n\n\n\n<p>24.&nbsp;&nbsp;<strong>Neiza Maria dos Santos \u00c1vila<\/strong>&nbsp;\u2013 Militante do Movimento Negro, T\u00e9cnica \u2013 Administrativa em Educa\u00e7\u00e3o da FURG e Auxiliar de Enfermagem no Hospital Universit\u00e1rio, ex- diretora da APTAFURG.<\/p>\n\n\n\n<p>25.&nbsp;&nbsp;<strong>Regininha<\/strong>&nbsp;\u2013 Vereadora de Rio Grande, Acad\u00eamica do curso de Pedagogia, militante dos direitos humanos e LGBT.<\/p>\n\n\n\n<p>26.&nbsp;&nbsp;<strong>Roberta Sexas de Moraes<\/strong>&nbsp;\u2013 Pedagoga, T\u00e9cnica \u2013 Administrativa em Educa\u00e7\u00e3o da FURG, Auxiliar de Enfermagem no Hospital Universit\u00e1rio, ex- diretora da APTAFURG.<\/p>\n\n\n\n<p>27.&nbsp;&nbsp;<strong>Rosani Silva de Freitas<\/strong>&nbsp;&#8211; Professora da oficina de padroniza\u00e7\u00e3o das costura, cuja forma\u00e7\u00e3o em costura foi feita no NUDESE em 2011, foi artes\u00e3 incubada pela rede de Artesanato e o hoje \u00e9 membra da Associa\u00e7\u00e3o de Costureiras Mulheres Daqui. Desde o inicio da pandemia atuou junto ao HU da FURG e um coletivo de costureiras cortando todas as pe\u00e7as de roupa do enxoval hospitalar confeccionando mais de 2500 pe\u00e7as de roupas. Atuou no projeto de confec\u00e7\u00e3o de m\u00e1scaras onde se confeccionaram 8800 unidades<\/p>\n\n\n\n<p>28.&nbsp;&nbsp;<strong>Sirlei de Souza Valad\u00e3o<\/strong>&#8211; Pescadora, membra da Cooperativa de Pescadores e Pescadoras de Rio Grande, &nbsp;membra do Conselho Municipal de Sa\u00fade, cat\u00f3lica, catequista e membra do conselho da comunidade.<\/p>\n\n\n\n<p>29.&nbsp; &nbsp;<strong>Suzi Barros \u2013&nbsp;<\/strong>Professora, diretora Sindicato dos trabalhadores e trabalhadoras em Educa\u00e7\u00e3o do Rio Grande, Militante no Movimento de Mulheres de Rio Grande.<\/p>\n\n\n\n<p>30.&nbsp;&nbsp;<strong>Tamires Lopes Podewils<\/strong>&nbsp;&#8211; &nbsp;Professora, fil\u00f3sofa e feminista. Atual membro da diretoria da Aprofurg<\/p>\n\n\n\n<p>31.&nbsp;&nbsp;<strong>Vera Maiorca<\/strong>&nbsp;&#8211; Professora aposentada da rede p\u00fablica,&nbsp; feminista,&nbsp; militante da Setorial de Mulheres do PSOL: A luta tem o rosto de mulher e advogada.<\/p>\n\n\n\n<p>32.&nbsp;&nbsp;<strong>Vivi Atalaia<\/strong>&nbsp;&#8211; Militante feminista, participante da Marcha Mundial de Mulheres, Participante do COMDIM, l\u00edder comunit\u00e1ria na Vila da Quinta e Conselheira Tutelar.<\/p>\n\n\n\n<p>33.&nbsp;&nbsp;<strong>Rosane Lima<\/strong>&nbsp;&#8211; &nbsp;Secretaria da APTAFURG, professora, atua no sindicato h\u00e1 32 anos.<\/p>\n\n\n\n<p>34.&nbsp;&nbsp;<strong>Rosangela Lima Fernandes<\/strong>&nbsp;&#8211; Secretaria da APTAFURG, atua no sindicato h\u00e1 29 anos.<\/p>\n\n\n\n<p>35.&nbsp;&nbsp;<strong>Tania Escobar<\/strong>&nbsp;\u2013 Secretaria da APTAFURG, formada em Assistente Social, atua no sindicato h\u00e1 25 anos.<\/p>\n\n\n\n<p>36.&nbsp;&nbsp;<strong>Milena Henriques&nbsp;<\/strong>\u2013 Estagi\u00e1ria da \u00e1rea de inform\u00e1tica.<\/p>\n\n\n\n<p>37.&nbsp;&nbsp;<strong>Josiane Nogueira<\/strong>&nbsp;&#8211; &nbsp;Atua nos servi\u00e7os gerais do Sindicato desde 2014.<\/p>\n\n\n\n<p>38.&nbsp;&nbsp;<strong>Deka Santorum<\/strong>&nbsp;&#8211; &nbsp;Radialista, Psicologa, militante do movimento feminista de Rio Grande, membra do Conselho Municipal de Cultura da cidade de Rio Grande, atua no Paralelo 30, programa de r\u00e1dio da APTAFURG desde 2013.<\/p>\n","protected":false},"excerpt":{"rendered":"<p>Nesse dia 8 de mar\u00e7o, Dia Internacional da Mulher, a APTAFURG tem o compromisso com a luta de todas as mulheres. Nosso sindicato \u00e9, sempre e sempre ser\u00e1 plural. Estamos&nbsp;conectad@s com&nbsp;a luta de&nbsp;tod@s trabalhador@s, em todos os n\u00edveis e em todas as esferas. Esse ano a forma que encontramos de demonstrar que a luta das&hellip;<\/p>\n","protected":false},"author":1,"featured_media":3235,"comment_status":"open","ping_status":"open","sticky":false,"template":"","format":"standard","meta":{"ngg_post_thumbnail":0,"footnotes":""},"categories":[232],"tags":[],"class_list":["post-3244","post","type-post","status-publish","format-standard","has-post-thumbnail","hentry","category-noticias"],"_links":{"self":[{"href":"https:\/\/www.aptafurg.org.br\/novo\/wp-json\/wp\/v2\/posts\/3244","targetHints":{"allow":["GET"]}}],"collection":[{"href":"https:\/\/www.aptafurg.org.br\/novo\/wp-json\/wp\/v2\/posts"}],"about":[{"href":"https:\/\/www.aptafurg.org.br\/novo\/wp-json\/wp\/v2\/types\/post"}],"author":[{"embeddable":true,"href":"https:\/\/www.aptafurg.org.br\/novo\/wp-json\/wp\/v2\/users\/1"}],"replies":[{"embeddable":true,"href":"https:\/\/www.aptafurg.org.br\/novo\/wp-json\/wp\/v2\/comments?post=3244"}],"version-history":[{"count":1,"href":"https:\/\/www.aptafurg.org.br\/novo\/wp-json\/wp\/v2\/posts\/3244\/revisions"}],"predecessor-version":[{"id":3245,"href":"https:\/\/www.aptafurg.org.br\/novo\/wp-json\/wp\/v2\/posts\/3244\/revisions\/3245"}],"wp:featuredmedia":[{"embeddable":true,"href":"https:\/\/www.aptafurg.org.br\/novo\/wp-json\/wp\/v2\/media\/3235"}],"wp:attachment":[{"href":"https:\/\/www.aptafurg.org.br\/novo\/wp-json\/wp\/v2\/media?parent=3244"}],"wp:term":[{"taxonomy":"category","embeddable":true,"href":"https:\/\/www.aptafurg.org.br\/novo\/wp-json\/wp\/v2\/categories?post=3244"},{"taxonomy":"post_tag","embeddable":true,"href":"https:\/\/www.aptafurg.org.br\/novo\/wp-json\/wp\/v2\/tags?post=3244"}],"curies":[{"name":"wp","href":"https:\/\/api.w.org\/{rel}","templated":true}]}}